{"id":63,"date":"2017-01-27T00:38:15","date_gmt":"2017-01-26T22:38:15","guid":{"rendered":"http:\/\/wuerzburg.kauda.de\/?p=63"},"modified":"2017-01-30T11:07:51","modified_gmt":"2017-01-30T09:07:51","slug":"luther-in-wuerzburg","status":"publish","type":"post","link":"http:\/\/wuerzburg.kauda.de\/?p=63","title":{"rendered":"Luther in W\u00fcrzburg"},"content":{"rendered":"<p>Auch das katholische W\u00fcrzburg hatte eine Luther-Begegnung. Angesichts der f\u00fcr dieses Jahr anberaumten <a href=\"https:\/\/www.ekd.de\/themen\/luther2017.html\" target=\"_blank\">&#8222;Luther 2017 &#8211; 500 Jahre Reformation&#8220;<\/a>-Feiern ein nicht ganz uninteressanter Umstand. F\u00fcr mich allerdings eine Zufallsentdeckung in <a href=\"http:\/\/franconica.uni-wuerzburg.de\/ub\/wuesub\/index.html\" target=\"_blank\">Thomas Memmingers &#8222;W\u00fcrzburgs Stra\u00dfen und Bauten&#8220;-Buch<\/a>, als ich dort \u00fcber die Augustinerstra\u00dfe las. (Selbst die nach dem 2. Weltkrieg im Frauenland gegr\u00fcndete Martin-Luther-Kirche scheint sich eher weniger daf\u00fcr zu interessieren.)<\/p>\n<p>Witziger Weise fand ich heute in der Bibliothek in einem Buch aus dem Jahr 1895 die folgenden einleitenden Worte: <em>&#8222;Jedes Schulkind weiss, da\u00df der Reformator Dr. Martin Luther sich vor\u00fcbergehend in der Metropole des Frankenlandes aufgehalten hat.&#8220;<\/em> Da musste ich doch ein bisschen schmunzeln, vor allem wegen der &#8222;Metropole&#8220;. Dr. Johannes Baier, der ein guter Kenner von Luthers Leben und Schriften gewesen sein muss,\u00a0 hat sich in diesem kleinen Buch, das den Titel <em>&#8222;Dr. Martin Luthers Aufenthalt in W\u00fcrzburg&#8220;<\/em> tr\u00e4gt, n\u00e4her mit Luthers Besuch in der Stadt befasst. Demnach kam Luther auf seiner Reise von Erfurt nach <a href=\"https:\/\/de.wikipedia.org\/wiki\/Heidelberger_Disputation\" target=\"_blank\">Heidelberg<\/a> im April per Pedes und im Mai 1518 auf dem R\u00fcckweg per Kutsche in W\u00fcrzburg vorbei und verbrachte einige Tage im hiesigen <a href=\"http:\/\/wuerzburgwiki.de\/wiki\/Augustinerkloster_St._Georg\" target=\"_blank\">Augustinerkloster<\/a>, ehemals im Carr\u00e9 Augustiner-\/Wirsberg-\/B\u00fcttnerstra\u00dfe\/Gotengasse gelegen. Bei seinem ersten Besuch im sp\u00e4tmittelalterlichen W\u00fcrzburg traf sich Luther auch mit F\u00fcrstbischof <a href=\"http:\/\/www.wuerzburgwiki.de\/wiki\/Lorenz_von_Bibra\" target=\"_blank\">Lorenz von Bibra<\/a>, der Luther wohlgesonnen gewesen sein muss. Weshalb Herr Baier in dem Buch auch die Frage er\u00f6rtert, ob W\u00fcrzburg, bei einer l\u00e4ngeren Lebenszeit des F\u00fcrstbischofs wohl h\u00e4tte protestantisch werden k\u00f6nnen. \ud83d\ude00\u00a0 Auch mit <a href=\"http:\/\/franken-wiki.de\/index.php\/Tilman_Riemenschneider\" target=\"_blank\">Tilman Riemenschneider<\/a> k\u00f6nnte sich Luther getroffen haben, so Baier, der berichtet, dass manche W\u00fcrzburger munkelten, jener sei so beeindruckt von diesem gewesen, dass er das Gesicht der Andreas-Figur an der Marienkapelle Luther nachempfunden h\u00e4tte (was Baier aber f\u00fcr ausgeschlossen h\u00e4lt).<\/p>\n<p>Spuren von Luthers Besuch in W\u00fcrzburg gibt es dieser Tage nicht, da das Geb\u00e4ude der Polizeiinspektion W\u00fcrzburg-Stadt zur Zeit umgebaut wird. Das W\u00fcrzburg-Wiki verr\u00e4t aber, dass sich an der <a href=\"http:\/\/www.wuerzburgwiki.de\/wiki\/Augustinerstra%C3%9Fe\" target=\"_blank\">Augustinerstra\u00dfe 24-26<\/a> ein Gedenkstein fand, der nach den Umbauma\u00dfnahmen ja vielleicht erneut an dieser Stelle plaziert wird. Ich werd&#8216; mal die Augen offen halten.<\/p>\n<p>&nbsp;<\/p>\n<p>&nbsp;<\/p>\n","protected":false},"excerpt":{"rendered":"<p>Auch das katholische W\u00fcrzburg hatte eine Luther-Begegnung. Angesichts der f\u00fcr dieses Jahr anberaumten &#8222;Luther 2017 &#8211; 500 Jahre Reformation&#8220;-Feiern ein nicht ganz uninteressanter Umstand. F\u00fcr mich allerdings eine Zufallsentdeckung in Thomas Memmingers &#8222;W\u00fcrzburgs Stra\u00dfen und Bauten&#8220;-Buch, als ich dort \u00fcber die Augustinerstra\u00dfe las. (Selbst die nach dem 2. Weltkrieg im Frauenland gegr\u00fcndete Martin-Luther-Kirche scheint sich [&hellip;]<\/p>\n","protected":false},"author":1,"featured_media":0,"comment_status":"open","ping_status":"open","sticky":false,"template":"","format":"standard","meta":[],"categories":[12],"tags":[10,14,13,15],"_links":{"self":[{"href":"http:\/\/wuerzburg.kauda.de\/index.php?rest_route=\/wp\/v2\/posts\/63"}],"collection":[{"href":"http:\/\/wuerzburg.kauda.de\/index.php?rest_route=\/wp\/v2\/posts"}],"about":[{"href":"http:\/\/wuerzburg.kauda.de\/index.php?rest_route=\/wp\/v2\/types\/post"}],"author":[{"embeddable":true,"href":"http:\/\/wuerzburg.kauda.de\/index.php?rest_route=\/wp\/v2\/users\/1"}],"replies":[{"embeddable":true,"href":"http:\/\/wuerzburg.kauda.de\/index.php?rest_route=%2Fwp%2Fv2%2Fcomments&post=63"}],"version-history":[{"count":25,"href":"http:\/\/wuerzburg.kauda.de\/index.php?rest_route=\/wp\/v2\/posts\/63\/revisions"}],"predecessor-version":[{"id":91,"href":"http:\/\/wuerzburg.kauda.de\/index.php?rest_route=\/wp\/v2\/posts\/63\/revisions\/91"}],"wp:attachment":[{"href":"http:\/\/wuerzburg.kauda.de\/index.php?rest_route=%2Fwp%2Fv2%2Fmedia&parent=63"}],"wp:term":[{"taxonomy":"category","embeddable":true,"href":"http:\/\/wuerzburg.kauda.de\/index.php?rest_route=%2Fwp%2Fv2%2Fcategories&post=63"},{"taxonomy":"post_tag","embeddable":true,"href":"http:\/\/wuerzburg.kauda.de\/index.php?rest_route=%2Fwp%2Fv2%2Ftags&post=63"}],"curies":[{"name":"wp","href":"https:\/\/api.w.org\/{rel}","templated":true}]}}